{"id":916,"date":"2022-06-18T13:24:45","date_gmt":"2022-06-18T13:24:45","guid":{"rendered":"http:\/\/geriatrie.lu\/?p=916"},"modified":"2026-02-16T11:00:36","modified_gmt":"2026-02-16T11:00:36","slug":"comite-redactionnel-2022","status":"publish","type":"post","link":"https:\/\/geriatrie.lu\/index.php\/2022\/06\/18\/comite-redactionnel-2022\/","title":{"rendered":"Comit\u00e9 r\u00e9dactionnel"},"content":{"rendered":"<p>Depuis 2022 le groupe de travail &#8220;Communication et PR&#8221;\u00a0 visent\u00a0 ses objectifs de promotion de la discipline g\u00e9riatrique avec plusieurs mesures concr\u00e8tes:<\/p>\n<ul>\n<li>Edition r\u00e9guli\u00e8re d&#8217;articles scientifiques en rapport avec la m\u00e9decine g\u00e9riatrique au Luxembourg<\/li>\n<li>Pr\u00e9sence renforc\u00e9e de la SMLGG dans les m\u00e9dia et les r\u00e9seaux sociaux<\/li>\n<li>Communiqu\u00e9s de presse r\u00e9guliers avec les prises de position de la SMLGG par rapport aux th\u00e8mes d&#8217;actualit\u00e9\u00a0 g\u00e9ronto-g\u00e9riatrique\n<ul>\n<li style=\"list-style-type: none;\">\n<ul>\n<li><em>Membres du comit\u00e9 r\u00e9dactionnel:<\/em>\n<ul>\n<li><em>Ren\u00e9 Dondelinger<\/em><\/li>\n<li><em>Ana Sanchez<\/em><\/li>\n<li><em>Caroline Gondoin<\/em><\/li>\n<li><em>Aur\u00e9lie Gues<\/em><\/li>\n<li><em>Jean Servais<img loading=\"lazy\" class=\"aligncenter size-medium wp-image-884\" src=\"http:\/\/geriatrie.lu\/wp-content\/uploads\/2022\/06\/28c2d062-4b7b-4c31-89da-cde70a18286a-1-300x169.jpg\" alt=\"\" width=\"300\" height=\"169\" srcset=\"https:\/\/geriatrie.lu\/wp-content\/uploads\/2022\/06\/28c2d062-4b7b-4c31-89da-cde70a18286a-1-300x169.jpg 300w, https:\/\/geriatrie.lu\/wp-content\/uploads\/2022\/06\/28c2d062-4b7b-4c31-89da-cde70a18286a-1-1024x576.jpg 1024w, https:\/\/geriatrie.lu\/wp-content\/uploads\/2022\/06\/28c2d062-4b7b-4c31-89da-cde70a18286a-1-768x432.jpg 768w, https:\/\/geriatrie.lu\/wp-content\/uploads\/2022\/06\/28c2d062-4b7b-4c31-89da-cde70a18286a-1-1536x864.jpg 1536w, https:\/\/geriatrie.lu\/wp-content\/uploads\/2022\/06\/28c2d062-4b7b-4c31-89da-cde70a18286a-1-1x1.jpg 1w, https:\/\/geriatrie.lu\/wp-content\/uploads\/2022\/06\/28c2d062-4b7b-4c31-89da-cde70a18286a-1.jpg 1600w\" sizes=\"(max-width: 300px) 100vw, 300px\" \/><\/em><\/li>\n<\/ul>\n<\/li>\n<\/ul>\n<\/li>\n<\/ul>\n<\/li>\n<\/ul>\n","protected":false},"excerpt":{"rendered":"<p>Depuis 2022 le groupe de travail &#8220;Communication et PR&#8221;\u00a0 visent\u00a0 ses objectifs de promotion de la discipline g\u00e9riatrique avec plusieurs mesures concr\u00e8tes: Edition r\u00e9guli\u00e8re d&#8217;articles scientifiques en rapport avec la m\u00e9decine g\u00e9riatrique au Luxembourg Pr\u00e9sence renforc\u00e9e de la SMLGG dans les m\u00e9dia et les r\u00e9seaux sociaux Communiqu\u00e9s de presse r\u00e9guliers avec les prises de position [&hellip;]<\/p>\n","protected":false},"author":2,"featured_media":0,"comment_status":"open","ping_status":"open","sticky":false,"template":"","format":"standard","meta":[],"categories":[1],"tags":[],"_links":{"self":[{"href":"https:\/\/geriatrie.lu\/index.php\/wp-json\/wp\/v2\/posts\/916"}],"collection":[{"href":"https:\/\/geriatrie.lu\/index.php\/wp-json\/wp\/v2\/posts"}],"about":[{"href":"https:\/\/geriatrie.lu\/index.php\/wp-json\/wp\/v2\/types\/post"}],"author":[{"embeddable":true,"href":"https:\/\/geriatrie.lu\/index.php\/wp-json\/wp\/v2\/users\/2"}],"replies":[{"embeddable":true,"href":"https:\/\/geriatrie.lu\/index.php\/wp-json\/wp\/v2\/comments?post=916"}],"version-history":[{"count":10,"href":"https:\/\/geriatrie.lu\/index.php\/wp-json\/wp\/v2\/posts\/916\/revisions"}],"predecessor-version":[{"id":1229,"href":"https:\/\/geriatrie.lu\/index.php\/wp-json\/wp\/v2\/posts\/916\/revisions\/1229"}],"wp:attachment":[{"href":"https:\/\/geriatrie.lu\/index.php\/wp-json\/wp\/v2\/media?parent=916"}],"wp:term":[{"taxonomy":"category","embeddable":true,"href":"https:\/\/geriatrie.lu\/index.php\/wp-json\/wp\/v2\/categories?post=916"},{"taxonomy":"post_tag","embeddable":true,"href":"https:\/\/geriatrie.lu\/index.php\/wp-json\/wp\/v2\/tags?post=916"}],"curies":[{"name":"wp","href":"https:\/\/api.w.org\/{rel}","templated":true}]}}