{"id":1212,"date":"2026-01-30T11:25:52","date_gmt":"2026-01-30T11:25:52","guid":{"rendered":"http:\/\/geriatrie.lu\/?p=1212"},"modified":"2026-04-21T15:43:48","modified_gmt":"2026-04-21T15:43:48","slug":"reunions-2026","status":"publish","type":"post","link":"https:\/\/geriatrie.lu\/index.php\/2026\/01\/30\/reunions-2026\/","title":{"rendered":"R\u00e9unions 2026"},"content":{"rendered":"<p>Assembl\u00e9e g\u00e9n\u00e9rale ordinaire:<strong> 17 Juin 2026 \u00e0 18.00<\/strong><\/p>\n<p>lieu: Seniorie st Jean de la Croix- Gare Luxembourg<\/p>\n<p>&nbsp;<\/p>\n<p>suivie d&#8217;une r\u00e9union du Conseil d&#8217;administration vers <strong>19.00<\/strong><\/p>\n<p>suivie de la s\u00e9ance acad\u00e9mique \u00e0 <strong>19.30\u00a0<\/strong><\/p>\n<p>&nbsp;<\/p>\n<p>&#8212;&#8212;&#8212;&#8212;&#8212;&#8212;&#8212;&#8212;&#8212;&#8212;&#8212;&#8212;&#8212;&#8212;&#8212;&#8212;&#8212;&#8212;&#8212;&#8212;&#8212;&#8212;&#8212;&#8212;&#8212;&#8212;&#8212;&#8212;&#8212;-<\/p>\n<p>Prochaine R\u00e9union du conseil d&#8217;administration<\/p>\n<p>les Mardi <strong>\u00e0 19.00<\/strong> \u00e0 la Seniorie st Jean de la Croix- Gare Luxembourg<\/p>\n<ul>\n<li>28.\u00a0 Avril<\/li>\n<li>22. Septembre<\/li>\n<\/ul>\n","protected":false},"excerpt":{"rendered":"<p>Assembl\u00e9e g\u00e9n\u00e9rale ordinaire: 17 Juin 2026 \u00e0 18.00 lieu: Seniorie st Jean de la Croix- Gare Luxembourg &nbsp; suivie d&#8217;une r\u00e9union du Conseil d&#8217;administration vers 19.00 suivie de la s\u00e9ance acad\u00e9mique \u00e0 19.30\u00a0 &nbsp; &#8212;&#8212;&#8212;&#8212;&#8212;&#8212;&#8212;&#8212;&#8212;&#8212;&#8212;&#8212;&#8212;&#8212;&#8212;&#8212;&#8212;&#8212;&#8212;&#8212;&#8212;&#8212;&#8212;&#8212;&#8212;&#8212;&#8212;&#8212;&#8212;- Prochaine R\u00e9union du conseil d&#8217;administration les Mardi \u00e0 19.00 \u00e0 la Seniorie st Jean de la Croix- Gare Luxembourg 28.\u00a0 [&hellip;]<\/p>\n","protected":false},"author":2,"featured_media":0,"comment_status":"open","ping_status":"open","sticky":false,"template":"","format":"standard","meta":[],"categories":[1],"tags":[],"_links":{"self":[{"href":"https:\/\/geriatrie.lu\/index.php\/wp-json\/wp\/v2\/posts\/1212"}],"collection":[{"href":"https:\/\/geriatrie.lu\/index.php\/wp-json\/wp\/v2\/posts"}],"about":[{"href":"https:\/\/geriatrie.lu\/index.php\/wp-json\/wp\/v2\/types\/post"}],"author":[{"embeddable":true,"href":"https:\/\/geriatrie.lu\/index.php\/wp-json\/wp\/v2\/users\/2"}],"replies":[{"embeddable":true,"href":"https:\/\/geriatrie.lu\/index.php\/wp-json\/wp\/v2\/comments?post=1212"}],"version-history":[{"count":8,"href":"https:\/\/geriatrie.lu\/index.php\/wp-json\/wp\/v2\/posts\/1212\/revisions"}],"predecessor-version":[{"id":1262,"href":"https:\/\/geriatrie.lu\/index.php\/wp-json\/wp\/v2\/posts\/1212\/revisions\/1262"}],"wp:attachment":[{"href":"https:\/\/geriatrie.lu\/index.php\/wp-json\/wp\/v2\/media?parent=1212"}],"wp:term":[{"taxonomy":"category","embeddable":true,"href":"https:\/\/geriatrie.lu\/index.php\/wp-json\/wp\/v2\/categories?post=1212"},{"taxonomy":"post_tag","embeddable":true,"href":"https:\/\/geriatrie.lu\/index.php\/wp-json\/wp\/v2\/tags?post=1212"}],"curies":[{"name":"wp","href":"https:\/\/api.w.org\/{rel}","templated":true}]}}