{"id":1204,"date":"2025-09-06T08:34:55","date_gmt":"2025-09-06T08:34:55","guid":{"rendered":"http:\/\/geriatrie.lu\/?p=1204"},"modified":"2026-04-21T15:49:46","modified_gmt":"2026-04-21T15:49:46","slug":"1-octobre-2025-journee-de-gerontologie","status":"publish","type":"post","link":"https:\/\/geriatrie.lu\/index.php\/2025\/09\/06\/1-octobre-2025-journee-de-gerontologie\/","title":{"rendered":"Journ\u00e9es de G\u00e9rontologie en collaboration avec l&#8217;ALGG"},"content":{"rendered":"<p><strong>7. Octobre 2026: Parkhotel Alvisse Dommeldange 14.00-17.00<\/strong><\/p>\n<p>Programme avec le Soutien du Minist\u00e8re de la Famille<\/p>\n<ul>\n<li>Info Zenter Demenz: 10 Jahre Erfahrung &#8211;\u00a0 Christine Dahm<\/li>\n<li>Acceuil en Unit\u00e9 cognitivo-comportementale &#8211; Dr Gwendoline Strasser<\/li>\n<li>IRIS: B\u00e9n\u00e9voles encadrant des personnes atteintes de d\u00e9mence &#8211; Yanica Reichel<\/li>\n<li>Accompagnement sp\u00e9cialis\u00e9 de personnes jeunes atteintes de d\u00e9mence &#8211; Mich\u00e8le Halsdorf<\/li>\n<\/ul>\n<p>&#8212;&#8212;&#8212;&#8212;&#8212;&#8212;&#8212;&#8212;&#8212;&#8212;&#8212;&#8212;&#8212;&#8212;&#8212;&#8212;&#8212;&#8212;&#8212;&#8212;&#8212;&#8212;&#8212;&#8212;&#8212;&#8212;&#8212;&#8212;&#8212;&#8212;&#8212;&#8212;&#8212;&#8212;&#8212;&#8212;&#8211;<\/p>\n<p><strong>1. Octobre 2025:\u00a0<\/strong><\/p>\n<p><strong>Vielfalt der Lebensqualit\u00e4t im Alter\u00a0<\/strong><\/p>\n<p><u>Prof Dr.Martina Brandt &#8211; TU Dortmund Fakult\u00e4t Soziale Wissenschaften<\/u><\/p>\n<p>Soziale Ungleichheiten und Vielfalt im Alter: Deutscher Altenbericht und Forschungsergebnisse<\/p>\n<p><u>Laura Muck &#8211; Service Qualit\u00e9 du Minist\u00e8rede la Famille<\/u><\/p>\n<p>Pr\u00e9sentation de la m\u00e9thodologie des audits Qualit\u00e9s dans les services des personnes \u00e2g\u00e9es depuis la mise en vigueur de la loi le 1 Mars 2024<\/p>\n<p><a href=\"http:\/\/geriatrie.lu\/index.php\/2025\/09\/06\/1-octobre-2025-journee-de-gerontologie\/0-9be\/\" rel=\"attachment wp-att-1205\"><img loading=\"lazy\" class=\"aligncenter size-medium wp-image-1205\" src=\"http:\/\/geriatrie.lu\/wp-content\/uploads\/2025\/09\/0.9BE-212x300.gif\" alt=\"\" width=\"212\" height=\"300\" srcset=\"https:\/\/geriatrie.lu\/wp-content\/uploads\/2025\/09\/0.9BE-212x300.gif 212w, https:\/\/geriatrie.lu\/wp-content\/uploads\/2025\/09\/0.9BE-624x884.gif 624w\" sizes=\"(max-width: 212px) 100vw, 212px\" \/><\/a><\/p>\n<p>&nbsp;<\/p>\n","protected":false},"excerpt":{"rendered":"<p>7. Octobre 2026: Parkhotel Alvisse Dommeldange 14.00-17.00 Programme avec le Soutien du Minist\u00e8re de la Famille Info Zenter Demenz: 10 Jahre Erfahrung &#8211;\u00a0 Christine Dahm Acceuil en Unit\u00e9 cognitivo-comportementale &#8211; Dr Gwendoline Strasser IRIS: B\u00e9n\u00e9voles encadrant des personnes atteintes de d\u00e9mence &#8211; Yanica Reichel Accompagnement sp\u00e9cialis\u00e9 de personnes jeunes atteintes de d\u00e9mence &#8211; Mich\u00e8le Halsdorf [&hellip;]<\/p>\n","protected":false},"author":2,"featured_media":0,"comment_status":"open","ping_status":"open","sticky":false,"template":"","format":"standard","meta":[],"categories":[1],"tags":[],"_links":{"self":[{"href":"https:\/\/geriatrie.lu\/index.php\/wp-json\/wp\/v2\/posts\/1204"}],"collection":[{"href":"https:\/\/geriatrie.lu\/index.php\/wp-json\/wp\/v2\/posts"}],"about":[{"href":"https:\/\/geriatrie.lu\/index.php\/wp-json\/wp\/v2\/types\/post"}],"author":[{"embeddable":true,"href":"https:\/\/geriatrie.lu\/index.php\/wp-json\/wp\/v2\/users\/2"}],"replies":[{"embeddable":true,"href":"https:\/\/geriatrie.lu\/index.php\/wp-json\/wp\/v2\/comments?post=1204"}],"version-history":[{"count":11,"href":"https:\/\/geriatrie.lu\/index.php\/wp-json\/wp\/v2\/posts\/1204\/revisions"}],"predecessor-version":[{"id":1266,"href":"https:\/\/geriatrie.lu\/index.php\/wp-json\/wp\/v2\/posts\/1204\/revisions\/1266"}],"wp:attachment":[{"href":"https:\/\/geriatrie.lu\/index.php\/wp-json\/wp\/v2\/media?parent=1204"}],"wp:term":[{"taxonomy":"category","embeddable":true,"href":"https:\/\/geriatrie.lu\/index.php\/wp-json\/wp\/v2\/categories?post=1204"},{"taxonomy":"post_tag","embeddable":true,"href":"https:\/\/geriatrie.lu\/index.php\/wp-json\/wp\/v2\/tags?post=1204"}],"curies":[{"name":"wp","href":"https:\/\/api.w.org\/{rel}","templated":true}]}}