{"id":1189,"date":"2025-07-15T16:33:43","date_gmt":"2025-07-15T16:33:43","guid":{"rendered":"http:\/\/geriatrie.lu\/?p=1189"},"modified":"2026-04-21T15:49:01","modified_gmt":"2026-04-21T15:49:01","slug":"seance-academique-18-novembre-2025","status":"publish","type":"post","link":"https:\/\/geriatrie.lu\/index.php\/2025\/07\/15\/seance-academique-18-novembre-2025\/","title":{"rendered":"S\u00e9ance acad\u00e9mique: 17 Juin 19.30"},"content":{"rendered":"<p>S\u00e9ance acad\u00e9mique le <strong>17 Juin 2026 \u00e0 19.30<\/strong><\/p>\n<p><strong>&#8220;Erste klinische Erfahrungen mit Immunotherapie bei Demenz&#8221;<\/strong><\/p>\n<p>Prof Dr Mathias Maschke- Chefarzt Neurologie Br\u00fcderkrankenhaus Trier<\/p>\n<p>Adresse: 13, rue Michel Rodange-\u00a0 Luxembourg Gare<\/p>\n<p>Inscription avant le 8 Juin: <strong>event@zitha.lu<\/strong><\/p>\n<p>+ Cocktail d\u00eenatoire<\/p>\n<p>&#8212;&#8212;&#8212;&#8212;&#8212;&#8212;&#8212;&#8212;&#8212;&#8212;&#8212;&#8212;&#8212;&#8212;&#8212;&#8212;&#8212;&#8212;&#8212;&#8212;&#8212;&#8212;&#8212;&#8212;&#8212;&#8212;&#8212;&#8212;&#8212;&#8212;&#8212;&#8212;&#8212;&#8212;&#8212;&#8212;&#8212;&#8212;&#8212;&#8212;&#8212;&#8212;&#8212;&#8212;&#8212;&#8212;<\/p>\n<p><strong>18.11.2025: Maladie \u00e0 corps de Lewy : <em>Pr Fr\u00e9d\u00e9ric Blanc &#8211; CHU Strasbourg<\/em><\/strong><\/p>\n<p><em>Pr Fr\u00e9d\u00e9ric Blanc, g\u00e9riatre et neurologue, est coordonnateur du CM2R des H\u00f4pitaux Universitaires de Strasbourg. Il exerce dans le p\u00f4le de G\u00e9riatrie et est membre du laboratoire ICube. Le Pr Blanc est sp\u00e9cialiste de la maladie \u00e0 corps de Lewy et de la maladie d\u2019Alzheimer.<\/em><\/p>\n<p><em>Avec le soutien des laboratoires Hanff<\/em><\/p>\n","protected":false},"excerpt":{"rendered":"<p>S\u00e9ance acad\u00e9mique le 17 Juin 2026 \u00e0 19.30 &#8220;Erste klinische Erfahrungen mit Immunotherapie bei Demenz&#8221; Prof Dr Mathias Maschke- Chefarzt Neurologie Br\u00fcderkrankenhaus Trier Adresse: 13, rue Michel Rodange-\u00a0 Luxembourg Gare Inscription avant le 8 Juin: event@zitha.lu + Cocktail d\u00eenatoire &#8212;&#8212;&#8212;&#8212;&#8212;&#8212;&#8212;&#8212;&#8212;&#8212;&#8212;&#8212;&#8212;&#8212;&#8212;&#8212;&#8212;&#8212;&#8212;&#8212;&#8212;&#8212;&#8212;&#8212;&#8212;&#8212;&#8212;&#8212;&#8212;&#8212;&#8212;&#8212;&#8212;&#8212;&#8212;&#8212;&#8212;&#8212;&#8212;&#8212;&#8212;&#8212;&#8212;&#8212;&#8212;&#8212; 18.11.2025: Maladie \u00e0 corps de Lewy : Pr Fr\u00e9d\u00e9ric Blanc &#8211; CHU Strasbourg Pr Fr\u00e9d\u00e9ric [&hellip;]<\/p>\n","protected":false},"author":2,"featured_media":0,"comment_status":"open","ping_status":"open","sticky":false,"template":"","format":"standard","meta":[],"categories":[1],"tags":[],"_links":{"self":[{"href":"https:\/\/geriatrie.lu\/index.php\/wp-json\/wp\/v2\/posts\/1189"}],"collection":[{"href":"https:\/\/geriatrie.lu\/index.php\/wp-json\/wp\/v2\/posts"}],"about":[{"href":"https:\/\/geriatrie.lu\/index.php\/wp-json\/wp\/v2\/types\/post"}],"author":[{"embeddable":true,"href":"https:\/\/geriatrie.lu\/index.php\/wp-json\/wp\/v2\/users\/2"}],"replies":[{"embeddable":true,"href":"https:\/\/geriatrie.lu\/index.php\/wp-json\/wp\/v2\/comments?post=1189"}],"version-history":[{"count":10,"href":"https:\/\/geriatrie.lu\/index.php\/wp-json\/wp\/v2\/posts\/1189\/revisions"}],"predecessor-version":[{"id":1265,"href":"https:\/\/geriatrie.lu\/index.php\/wp-json\/wp\/v2\/posts\/1189\/revisions\/1265"}],"wp:attachment":[{"href":"https:\/\/geriatrie.lu\/index.php\/wp-json\/wp\/v2\/media?parent=1189"}],"wp:term":[{"taxonomy":"category","embeddable":true,"href":"https:\/\/geriatrie.lu\/index.php\/wp-json\/wp\/v2\/categories?post=1189"},{"taxonomy":"post_tag","embeddable":true,"href":"https:\/\/geriatrie.lu\/index.php\/wp-json\/wp\/v2\/tags?post=1189"}],"curies":[{"name":"wp","href":"https:\/\/api.w.org\/{rel}","templated":true}]}}