{"id":1005,"date":"2023-05-25T06:50:30","date_gmt":"2023-05-25T06:50:30","guid":{"rendered":"http:\/\/geriatrie.lu\/?p=1005"},"modified":"2024-12-05T12:09:15","modified_gmt":"2024-12-05T12:09:15","slug":"entrevue-ministere-de-la-sante-25-mai-2023","status":"publish","type":"post","link":"https:\/\/geriatrie.lu\/index.php\/2023\/05\/25\/entrevue-ministere-de-la-sante-25-mai-2023\/","title":{"rendered":"Entrevue Minist\u00e8re de la Sant\u00e9 et de la S\u00e9curit\u00e9 Sociale 17. Mai 2024"},"content":{"rendered":"<p><a href=\"http:\/\/geriatrie.lu\/index.php\/2023\/05\/25\/entrevue-ministere-de-la-sante-25-mai-2023\/790fc2c8-2723-4e5d-9ca8-1923caceb35d\/\" rel=\"attachment wp-att-1140\"><img loading=\"lazy\" class=\"aligncenter size-medium wp-image-1140\" src=\"http:\/\/geriatrie.lu\/wp-content\/uploads\/2023\/05\/790fc2c8-2723-4e5d-9ca8-1923caceb35d-300x225.jpeg\" alt=\"\" width=\"300\" height=\"225\" srcset=\"https:\/\/geriatrie.lu\/wp-content\/uploads\/2023\/05\/790fc2c8-2723-4e5d-9ca8-1923caceb35d-300x225.jpeg 300w, https:\/\/geriatrie.lu\/wp-content\/uploads\/2023\/05\/790fc2c8-2723-4e5d-9ca8-1923caceb35d-1024x768.jpeg 1024w, https:\/\/geriatrie.lu\/wp-content\/uploads\/2023\/05\/790fc2c8-2723-4e5d-9ca8-1923caceb35d-768x576.jpeg 768w, https:\/\/geriatrie.lu\/wp-content\/uploads\/2023\/05\/790fc2c8-2723-4e5d-9ca8-1923caceb35d-1536x1152.jpeg 1536w, https:\/\/geriatrie.lu\/wp-content\/uploads\/2023\/05\/790fc2c8-2723-4e5d-9ca8-1923caceb35d-624x468.jpeg 624w, https:\/\/geriatrie.lu\/wp-content\/uploads\/2023\/05\/790fc2c8-2723-4e5d-9ca8-1923caceb35d.jpeg 1600w\" sizes=\"(max-width: 300px) 100vw, 300px\" \/><\/a><a href=\"http:\/\/geriatrie.lu\/index.php\/2023\/05\/25\/entrevue-ministere-de-la-sante-25-mai-2023\/img_4132\/\" rel=\"attachment wp-att-1131\"><img loading=\"lazy\" class=\"aligncenter size-medium wp-image-1131\" src=\"http:\/\/geriatrie.lu\/wp-content\/uploads\/2024\/09\/IMG_4132-139x300.png\" alt=\"\" width=\"139\" height=\"300\" srcset=\"https:\/\/geriatrie.lu\/wp-content\/uploads\/2024\/09\/IMG_4132-139x300.png 139w, https:\/\/geriatrie.lu\/wp-content\/uploads\/2024\/09\/IMG_4132-473x1024.png 473w, https:\/\/geriatrie.lu\/wp-content\/uploads\/2024\/09\/IMG_4132-768x1662.png 768w, https:\/\/geriatrie.lu\/wp-content\/uploads\/2024\/09\/IMG_4132-710x1536.png 710w, https:\/\/geriatrie.lu\/wp-content\/uploads\/2024\/09\/IMG_4132-946x2048.png 946w, https:\/\/geriatrie.lu\/wp-content\/uploads\/2024\/09\/IMG_4132-624x1350.png 624w, https:\/\/geriatrie.lu\/wp-content\/uploads\/2024\/09\/IMG_4132.png 1170w\" sizes=\"(max-width: 139px) 100vw, 139px\" \/><\/a>Lors de l\u2018entrevue du 17 Mai 2024 la SMLGG a \u00e9chang\u00e9 avec Mme la Ministre Martine Deprez sur <strong>les d\u00e9fis de la m\u00e9decine g\u00e9riatrique face \u00e0 l\u2018\u00e9volution d\u00e9mographique au Luxembourg et dans la grande R\u00e9gion.<\/strong><\/p>\n<p><a href=\"http:\/\/geriatrie.lu\/index.php\/2023\/05\/25\/entrevue-ministere-de-la-sante-25-mai-2023\/smlgg-misa-17-5-24\/\" rel=\"attachment wp-att-1115\">SMLGG MISA 17.5.24<\/a><\/p>\n<p>&nbsp;<\/p>\n<p>&nbsp;<\/p>\n<p>&nbsp;<\/p>\n<p>&nbsp;<\/p>\n<p>&nbsp;<\/p>\n<p>&nbsp;<\/p>\n<p>&nbsp;<\/p>\n","protected":false},"excerpt":{"rendered":"<p>Lors de l\u2018entrevue du 17 Mai 2024 la SMLGG a \u00e9chang\u00e9 avec Mme la Ministre Martine Deprez sur les d\u00e9fis de la m\u00e9decine g\u00e9riatrique face \u00e0 l\u2018\u00e9volution d\u00e9mographique au Luxembourg et dans la grande R\u00e9gion. SMLGG MISA 17.5.24 &nbsp; &nbsp; &nbsp; &nbsp; &nbsp; &nbsp; &nbsp;<\/p>\n","protected":false},"author":2,"featured_media":0,"comment_status":"open","ping_status":"open","sticky":false,"template":"","format":"standard","meta":[],"categories":[1],"tags":[],"_links":{"self":[{"href":"https:\/\/geriatrie.lu\/index.php\/wp-json\/wp\/v2\/posts\/1005"}],"collection":[{"href":"https:\/\/geriatrie.lu\/index.php\/wp-json\/wp\/v2\/posts"}],"about":[{"href":"https:\/\/geriatrie.lu\/index.php\/wp-json\/wp\/v2\/types\/post"}],"author":[{"embeddable":true,"href":"https:\/\/geriatrie.lu\/index.php\/wp-json\/wp\/v2\/users\/2"}],"replies":[{"embeddable":true,"href":"https:\/\/geriatrie.lu\/index.php\/wp-json\/wp\/v2\/comments?post=1005"}],"version-history":[{"count":12,"href":"https:\/\/geriatrie.lu\/index.php\/wp-json\/wp\/v2\/posts\/1005\/revisions"}],"predecessor-version":[{"id":1166,"href":"https:\/\/geriatrie.lu\/index.php\/wp-json\/wp\/v2\/posts\/1005\/revisions\/1166"}],"wp:attachment":[{"href":"https:\/\/geriatrie.lu\/index.php\/wp-json\/wp\/v2\/media?parent=1005"}],"wp:term":[{"taxonomy":"category","embeddable":true,"href":"https:\/\/geriatrie.lu\/index.php\/wp-json\/wp\/v2\/categories?post=1005"},{"taxonomy":"post_tag","embeddable":true,"href":"https:\/\/geriatrie.lu\/index.php\/wp-json\/wp\/v2\/tags?post=1005"}],"curies":[{"name":"wp","href":"https:\/\/api.w.org\/{rel}","templated":true}]}}